{"id":672,"date":"2017-10-15T12:27:17","date_gmt":"2017-10-15T10:27:17","guid":{"rendered":"http:\/\/diggintheblues.ch\/?p=672"},"modified":"2017-10-15T12:27:17","modified_gmt":"2017-10-15T10:27:17","slug":"auch-ideen-muessen-wachsen","status":"publish","type":"post","link":"http:\/\/diggintheblues.ch\/?p=672","title":{"rendered":"Auch Ideen m\u00fcssen wachsen"},"content":{"rendered":"<h5 id=\"id_59e32b604eb527567735979\" class=\"text_exposed_root text_exposed\"><a href=\"http:\/\/www.zolliker-zumiker.ch\/CMS\/de-CH\/Pers\u00f6nlich\/41-2017-Pers\u00f6nlich-Ren\u00e9-Lutz.aspx\">ARTIKEL aus dem Zolliker Zumiker Bote<\/a><a href=\"http:\/\/www.zolliker-zumiker.ch\/CMS\/de-CH\/Pers\u00f6nlich\/41-2017-Pers\u00f6nlich-Ren\u00e9-Lutz.aspx\"> vom 13.10.2017 von Birgit M\u00fcller Schlieper<\/a><\/h5>\n<h3 class=\"text_exposed_root text_exposed\">Der Zumiker G\u00e4rtner Ren\u00e9 Lutz und seine Frau Martina gestalten die Blumenuhr am B\u00fcrkliplatz: Dieses Jahr entsteigt die Venus dem See<\/h3>\n<p class=\"text_exposed_root text_exposed\"><span class=\"text_exposed_show\">Eigentlich w\u00e4re es die perfekte Werbung. Seit sieben Jahren schon gestaltet der Zumiker G\u00e4rtner Ren\u00e9 Lutz die Blumenuhr am B\u00fcrkliplatz. Doch neben dem Kunstwerk, das jedes<br \/>\nJahr ein anderes Gesicht hat, gibt es kein Schild, das den Gestalter verr\u00e4t. \u201eDie Leute denken, dass sie sich diesen G\u00e4rtner selber gar nicht leisten k\u00f6nnen\u201c, lacht Ren\u00e9 Lutz. Gerade just sind er und seine Frau in den letzten Vorbereitungen f\u00fcr die neue Uhr, die im Oktober entstehen soll. Dabei ist es eigentlich eher Martina Lutz, die die F\u00e4den in der Hand h\u00e4lt. Sie plant jeden Herbst, welches Motto und welche Idee umgesetzt werden soll, kauft ein und koordiniert. Ihr Mann muss warten, bis sie gr\u00fcnes Licht gibt. \u201eAm Anfang war ich immer total nerv\u00f6s, weil sie immer so sp\u00e4t angefangen hat. Mittlerweile weiss ich, dass sie alles im Griff hat und wir rechtzeitig die Uhr pr\u00e4sentieren k\u00f6nnen\u201c, erz\u00e4hlt der 48-J\u00e4hrige. <\/span><!--more--><\/p>\n<p class=\"text_exposed_root text_exposed\"><span class=\"text_exposed_show\">Inspirieren l\u00e4sst sich Martina Lutz mal von chinesischen Horoskopen oder anderen Vorzeichen, unter denen das Jahr stehen k\u00f6nnte. Und weil 2018 das Jahr der Venus sein soll, steht alles im Zeichen des Meeres. Haufenweise transparente Muscheln hat die 35-J\u00e4hrige schon arrangiert, immerhin hat das Ziffernblatt einen Durchmesser vonsechs Metern. Da braucht es reichlich Material.\u00a0<\/span><span class=\"text_exposed_show\">Auf- oder Abstieg? Gelernt hat die jetzige G\u00e4rtnerin mal Kinderg\u00e4rtnerin. \u201eDie Kinder sind damit weg. Ich weiss gar nicht, ob das ein Ab- oder Aufstieg ist,\u201c lacht sie. Dabei: So ganz weg sind die Kinder nicht. Aktuell\u00a0krabbelt gerade Emily auf ihren Schoss. Mit anderthalb Jahren h\u00e4lt sie Mama und Papa auf Trab. Sie ist immer mit dabei und so wundert es nicht, dass \u201eBaum\u201c eines ihrer ersten W\u00f6rter war. Die \u00fcberdimensionale Uhr, die einst ein Geschenk von Beyer-Uhren an die Stadt Z\u00fcrich war, ist<br \/>\neines der Highlights der Stadt. \u201eSie steht sogar im offiziellen Touristen-Guide drin und immer wieder sehen wir Japaner, die sich davor fotografieren\u201c, erz\u00e4hlt der Zumiker. Nicht alle machen allerdings davor Halt. Immer mal wieder stellen sich Leute auch direkt auf das Ziffernblatt. Deswegen m\u00fcssen wir Wert auf widerstandsf\u00e4hige Materialien achten\u201c, erkl\u00e4rt Martina Lutz<br \/>\n.<br \/>\nImmer mal wieder gibt es was auszubessern. Richtig zerst\u00f6rt worden sei sie aber noch nie. \u201eVielleicht gibt es ja doch so etwas wie Respekt vor der Kunst\u201c, mutmasst Ren\u00e9 Lutz. Wer mit und in der Natur arbeitet, wird gerne mal \u00fcberrascht. Einmal gestaltete das Unternehmen die Uhr als Baum des Lebens. Zwischen den Uhrzeigern wurde Rollrasen ausgelegt. Da es aber einen extrem warmen Winter gab, musste Ren\u00e9 Lutz drei Mal anr\u00fccken, um zu m\u00e4hen. \u201eSonst h\u00e4tte man die Zeiger gar nicht mehr gesehen.\u201c\u00a0Im Jahr 1986 fing er seine Lehre als G\u00e4rtner an. \u201eDas war eigentlich ganz spontan. Erst drei Wochen vor Beginn habe ich meine Bewerbung abgeschickt\u201c, erinnert er sich. Bis zum Alter von 25Jahren blieb er dem Beruf treu.Dann musste was Neues her. Er arbeitete unter anderem im kaufm\u00e4nnischen Bereich und war mit 35 Jahren so weit, dass er sich selbstst\u00e4ndig machen konnte. Mittlerweile hat er zehn Angestellte, die im ganzen Kanton Z\u00fcrich unterwegs sind. Fr\u00fcher war der G\u00e4rtner, der Mann, der Rasen m\u00e4hte und die Hecke schnitt. \u201eAber die Menschen haben die G\u00e4rten als weiteren Lebensraum entdeckt\u201c, erkl\u00e4rt der Fachmann. Dieser soll gestaltet werden. Ausserdem:\u00a0Es ist der einzige Raum, den jeder Spazierg\u00e4nger, jeder Nachbar sehen k\u00f6nne. Da wolle man sich nicht lumpen lassen. Auch Restaurants oder Caf\u00e9s w\u00fcrden mittlerweile viel mehr Wert auf den Aussenbereich legen. \u201eWir haben fr\u00fcher stundenlang am Greifensee abgehangen, ohne irgendjemanden zu sehen. Jetzt ist da alles voll. Die Menschen sind wieder viel mehr draussen unterwegs.\u201c<\/span><\/p>\n<h4 class=\"text_exposed_root text_exposed\"><span class=\"text_exposed_show\"><br \/>\nEin Ja f\u00fcr Biodiversit\u00e4t<\/span><\/h4>\n<p class=\"text_exposed_root text_exposed\"><span class=\"text_exposed_show\">Einen Garten zu planen, heisse mehr als: Da drei B\u00fcsche, hier der Sitzplatz, dort hinten ein Hochbeet. \u201eWer n\u00e4chstes Jahr einen neuen Garten haben m\u00f6chte, muss jetzt mit der Planung anfangen\u201c, unterstreicht Ren\u00e9 Lutz. Gerade, wenn es noch Baubewilligungen einzuholen gelte. Er ist f\u00fcr viele kreative Ideen zu haben, doch auch ihm geht es manchmal zu weit. Ein Interessent wollte sich mit ganz viel Granit mehr \u201ePrivacy\u201c in den Garten bauen. Eine regelrechte Wand wurde\u00a0gefordert. \u201eDas habe ich abgelehnt. Da steht dann vier Wochen mein Firmenwagen vor der T\u00fcr und die Leute wundern sich, was der Lutz da gemacht hat.\u201c Auch von Steing\u00e4rten l\u00e4sst er lieber die Finger. \u201eDamit wird der Boden versiegelt und die Biodiversit\u00e4t leidet darunter. Da gibt es viel sch\u00f6nere M\u00f6glichkeiten\u201c, unterstreicht er. Inspiration f\u00fcr neue Ideen holt sich der Zumiker \u00fcberall. \u201eAls wir in Neuseeland waren, habe ich meinen Mann andauernd verloren, weil er sich wieder einen besonderen Baum oder eine besondere Blume angucken musste\u201c, lacht Martina Lutz. <\/span><\/p>\n<p class=\"text_exposed_root text_exposed\"><span class=\"text_exposed_show\">Doch die Beiden verbindet noch mehr als die Liebe zur Natur (und zueinander). Beide sind auch in der Kunst zuhause. Wenn es Arbeit und Kind zulassen, malt die 35-J\u00e4hrige. Ren\u00e9 Lutz widmet sich dann der Musik. Er singt bei der Bluesband \u201ediggin`the blues\u201c und spielt auch die Bluesharp. \u201eKlar, eigentlich bin ich f\u00fcr richtigen, echten Blues noch ein bisschen zu jung\u201c, r\u00e4umt er lachend ein. Daf\u00fcr ist die Band aber schon ganz erfolgreich und ist bei Sony unter Vertrag. Ihr Markenzeichen: Gigs \u00fcber f\u00fcnf oder sechs Stunden. \u201eDaf\u00fcr sind wir bekannt. Darunter machen wir es nicht.\u201c Im November ist ihr n\u00e4chster \u00f6ffentlicher Auftritt in Bern, aber ihre gr\u00f6sste Fangemeinde h\u00e4tten sie im Wallis. \u201eDa kommen die aus den hintersten W\u00e4ldern, um uns zu h\u00f6ren\u201c, freut er sich. Ren\u00e9 Lutz ist eben ein wirklich geerdeter Typ.<br \/>\n<\/span><\/p>\n<p><img loading=\"lazy\" class=\"alignnone  wp-image-674\" src=\"http:\/\/diggintheblues.ch\/wp-content\/uploads\/2017\/10\/Bildschirmfoto-2017-10-15-um-12.16.18-211x300.png\" alt=\"\" width=\"490\" height=\"697\" srcset=\"http:\/\/diggintheblues.ch\/wp-content\/uploads\/2017\/10\/Bildschirmfoto-2017-10-15-um-12.16.18-211x300.png 211w, http:\/\/diggintheblues.ch\/wp-content\/uploads\/2017\/10\/Bildschirmfoto-2017-10-15-um-12.16.18.png 660w\" sizes=\"(max-width: 490px) 100vw, 490px\" \/><\/p>\n","protected":false},"excerpt":{"rendered":"<p>ARTIKEL aus dem Zolliker Zumiker Bote vom 13.10.2017 von Birgit M\u00fcller Schlieper Der Zumiker G\u00e4rtner Ren\u00e9 Lutz und seine Frau Martina gestalten die Blumenuhr am B\u00fcrkliplatz: Dieses Jahr entsteigt die Venus dem See Eigentlich w\u00e4re es die perfekte Werbung. Seit sieben Jahren schon gestaltet der Zumiker G\u00e4rtner Ren\u00e9 Lutz die Blumenuhr am B\u00fcrkliplatz. Doch neben [&hellip;]<\/p>\n","protected":false},"author":1,"featured_media":673,"comment_status":"open","ping_status":"open","sticky":false,"template":"","format":"standard","meta":[],"categories":[22],"tags":[49,26,24,33],"_links":{"self":[{"href":"http:\/\/diggintheblues.ch\/index.php?rest_route=\/wp\/v2\/posts\/672"}],"collection":[{"href":"http:\/\/diggintheblues.ch\/index.php?rest_route=\/wp\/v2\/posts"}],"about":[{"href":"http:\/\/diggintheblues.ch\/index.php?rest_route=\/wp\/v2\/types\/post"}],"author":[{"embeddable":true,"href":"http:\/\/diggintheblues.ch\/index.php?rest_route=\/wp\/v2\/users\/1"}],"replies":[{"embeddable":true,"href":"http:\/\/diggintheblues.ch\/index.php?rest_route=%2Fwp%2Fv2%2Fcomments&post=672"}],"version-history":[{"count":1,"href":"http:\/\/diggintheblues.ch\/index.php?rest_route=\/wp\/v2\/posts\/672\/revisions"}],"predecessor-version":[{"id":675,"href":"http:\/\/diggintheblues.ch\/index.php?rest_route=\/wp\/v2\/posts\/672\/revisions\/675"}],"wp:featuredmedia":[{"embeddable":true,"href":"http:\/\/diggintheblues.ch\/index.php?rest_route=\/wp\/v2\/media\/673"}],"wp:attachment":[{"href":"http:\/\/diggintheblues.ch\/index.php?rest_route=%2Fwp%2Fv2%2Fmedia&parent=672"}],"wp:term":[{"taxonomy":"category","embeddable":true,"href":"http:\/\/diggintheblues.ch\/index.php?rest_route=%2Fwp%2Fv2%2Fcategories&post=672"},{"taxonomy":"post_tag","embeddable":true,"href":"http:\/\/diggintheblues.ch\/index.php?rest_route=%2Fwp%2Fv2%2Ftags&post=672"}],"curies":[{"name":"wp","href":"https:\/\/api.w.org\/{rel}","templated":true}]}}